{"id":278833,"date":"2024-03-19T16:50:52","date_gmt":"2024-03-19T15:50:52","guid":{"rendered":"https:\/\/www.msd-online.ch\/?p=278833"},"modified":"2024-03-19T16:50:52","modified_gmt":"2024-03-19T15:50:52","slug":"enthousiasmes-par-nos-moniteurs-de-camp","status":"publish","type":"post","link":"https:\/\/www.msd-online.ch\/fr\/enthousiasmes-par-nos-moniteurs-de-camp\/","title":{"rendered":"Enthousiasm\u00e9s par nos moniteurs de camp"},"content":{"rendered":"\n<p><strong>Cette ann\u00e9e, la journ\u00e9e Leaders Vision Day a eu lieu le samedi 16 mars. Une journ\u00e9e \u00e0 laquelle tous les responsables des camps de changement \u00e9taient invit\u00e9s. Ensemble, nous avons partag\u00e9 la vision, pri\u00e9 Dieu et \u00e9t\u00e9 inspir\u00e9s par des enseignements encourageants. <\/strong><\/p>\n\n<figure class=\"wp-block-image size-large\"><img loading=\"lazy\" decoding=\"async\" width=\"1024\" height=\"640\" src=\"https:\/\/www.msd-online.ch\/wp-content\/uploads\/2024\/03\/IMG_2980-1024x640.jpg\" alt=\"\" class=\"wp-image-278802\" srcset=\"https:\/\/www.msd-online.ch\/wp-content\/uploads\/2024\/03\/IMG_2980-980x613.jpg 980w, https:\/\/www.msd-online.ch\/wp-content\/uploads\/2024\/03\/IMG_2980-480x300.jpg 480w\" sizes=\"(min-width: 0px) and (max-width: 480px) 480px, (min-width: 481px) and (max-width: 980px) 980px, (min-width: 981px) 1024px, 100vw\" \/><\/figure>\n\n<p>Au total, 10 <a href=\"https:\/\/change-camps.ch\/camps\/\" target=\"_blank\" rel=\"noreferrer noopener\">camps<\/a> auront lieu cette ann\u00e9e, nous attendons plus de 300 participants. L&rsquo;augmentation du nombre de participants est tr\u00e8s encourageante. Pour pouvoir mener \u00e0 bien ce travail, nous d\u00e9pendons du soutien g\u00e9n\u00e9reux de nombreux responsables de camps b\u00e9n\u00e9voles. Nous sommes reconnaissants envers les jeunes qui investissent leur temps et leur \u00e9nergie dans l&rsquo;animation des camps de changement. <\/p>\n\n<p>Le lien commun est tr\u00e8s important pour nous. Le Leaders Vision Day a pour but d&rsquo;affiner la vision commune et d&rsquo;\u00e9quiper les responsables pour leur service pr\u00e9cieux et important. <\/p>\n\n<p>Nous savons que les responsables de nos camps occupent \u00e9galement des postes de direction dans d&rsquo;autres domaines, dans des \u00e9glises, etc. C&rsquo;est pourquoi il \u00e9tait important pour nous de parler d&rsquo;une gestion saine de soi, qui prend sa source dans la relation avec Dieu. Tout \u00e0 fait selon la devise : \u00ab\u00a0Seul celui qui peut se diriger lui-m\u00eame peut aussi diriger les autres\u00a0\u00bb. Nous souhaitons ainsi que le Leaders Vision Day ait des r\u00e9percussions durables dans la vie des responsables ainsi que pour leurs communaut\u00e9s. <\/p>\n\n<p>Nous avons cl\u00f4tur\u00e9 cette matin\u00e9e inspirante par un repas de remerciement commun, dans une joyeuse communion. <\/p>\n\n<figure class=\"wp-block-gallery has-nested-images columns-default is-cropped wp-block-gallery-1 is-layout-flex wp-block-gallery-is-layout-flex\">\n<figure class=\"wp-block-image size-large\"><img loading=\"lazy\" decoding=\"async\" width=\"1024\" height=\"640\" data-id=\"278802\" src=\"https:\/\/www.msd-online.ch\/wp-content\/uploads\/2024\/03\/IMG_2980-1024x640.jpg\" alt=\"\" class=\"wp-image-278802\" srcset=\"https:\/\/www.msd-online.ch\/wp-content\/uploads\/2024\/03\/IMG_2980-980x613.jpg 980w, https:\/\/www.msd-online.ch\/wp-content\/uploads\/2024\/03\/IMG_2980-480x300.jpg 480w\" sizes=\"(min-width: 0px) and (max-width: 480px) 480px, (min-width: 481px) and (max-width: 980px) 980px, (min-width: 981px) 1024px, 100vw\" \/><\/figure>\n\n\n\n<figure class=\"wp-block-image size-large\"><img loading=\"lazy\" decoding=\"async\" width=\"1024\" height=\"640\" data-id=\"278808\" src=\"https:\/\/www.msd-online.ch\/wp-content\/uploads\/2024\/03\/IMG_3003-1024x640.jpg\" alt=\"\" class=\"wp-image-278808\" srcset=\"https:\/\/www.msd-online.ch\/wp-content\/uploads\/2024\/03\/IMG_3003-980x613.jpg 980w, https:\/\/www.msd-online.ch\/wp-content\/uploads\/2024\/03\/IMG_3003-480x300.jpg 480w\" sizes=\"(min-width: 0px) and (max-width: 480px) 480px, (min-width: 481px) and (max-width: 980px) 980px, (min-width: 981px) 1024px, 100vw\" \/><\/figure>\n\n\n\n<figure class=\"wp-block-image size-large\"><img loading=\"lazy\" decoding=\"async\" width=\"1024\" height=\"640\" data-id=\"278814\" src=\"https:\/\/www.msd-online.ch\/wp-content\/uploads\/2024\/03\/IMG_3026-1024x640.jpg\" alt=\"\" class=\"wp-image-278814\" srcset=\"https:\/\/www.msd-online.ch\/wp-content\/uploads\/2024\/03\/IMG_3026-980x613.jpg 980w, https:\/\/www.msd-online.ch\/wp-content\/uploads\/2024\/03\/IMG_3026-480x300.jpg 480w\" sizes=\"(min-width: 0px) and (max-width: 480px) 480px, (min-width: 481px) and (max-width: 980px) 980px, (min-width: 981px) 1024px, 100vw\" \/><\/figure>\n\n\n\n<figure class=\"wp-block-image size-large\"><img loading=\"lazy\" decoding=\"async\" width=\"1024\" height=\"640\" data-id=\"278820\" src=\"https:\/\/www.msd-online.ch\/wp-content\/uploads\/2024\/03\/IMG_3071-1024x640.jpg\" alt=\"\" class=\"wp-image-278820\" srcset=\"https:\/\/www.msd-online.ch\/wp-content\/uploads\/2024\/03\/IMG_3071-980x613.jpg 980w, https:\/\/www.msd-online.ch\/wp-content\/uploads\/2024\/03\/IMG_3071-480x300.jpg 480w\" sizes=\"(min-width: 0px) and (max-width: 480px) 480px, (min-width: 481px) and (max-width: 980px) 980px, (min-width: 981px) 1024px, 100vw\" \/><\/figure>\n\n\n\n<figure class=\"wp-block-image size-large\"><img loading=\"lazy\" decoding=\"async\" width=\"1024\" height=\"640\" data-id=\"278826\" src=\"https:\/\/www.msd-online.ch\/wp-content\/uploads\/2024\/03\/IMG_3166-1024x640.jpg\" alt=\"\" class=\"wp-image-278826\" srcset=\"https:\/\/www.msd-online.ch\/wp-content\/uploads\/2024\/03\/IMG_3166-980x613.jpg 980w, https:\/\/www.msd-online.ch\/wp-content\/uploads\/2024\/03\/IMG_3166-480x300.jpg 480w\" sizes=\"(min-width: 0px) and (max-width: 480px) 480px, (min-width: 481px) and (max-width: 980px) 980px, (min-width: 981px) 1024px, 100vw\" \/><\/figure>\n<\/figure>\n","protected":false},"excerpt":{"rendered":"<p>Cette ann\u00e9e, la journ\u00e9e Leaders Vision Day a eu lieu le samedi 16 mars. Une journ\u00e9e \u00e0 laquelle tous les responsables des camps de changement \u00e9taient invit\u00e9s. Ensemble, nous avons partag\u00e9 la vision, pri\u00e9 Dieu et \u00e9t\u00e9 inspir\u00e9s par des enseignements encourageants. Au total, 10 camps auront lieu cette ann\u00e9e, nous attendons plus de 300 [&hellip;]<\/p>\n","protected":false},"author":1,"featured_media":278810,"comment_status":"open","ping_status":"open","sticky":false,"template":"","format":"standard","meta":{"_et_pb_use_builder":"","_et_pb_old_content":"","_et_gb_content_width":"","footnotes":""},"categories":[131,122],"tags":[],"class_list":["post-278833","post","type-post","status-publish","format-standard","has-post-thumbnail","hentry","category-evenements-fr","category-info-fr"],"_links":{"self":[{"href":"https:\/\/www.msd-online.ch\/fr\/wp-json\/wp\/v2\/posts\/278833","targetHints":{"allow":["GET"]}}],"collection":[{"href":"https:\/\/www.msd-online.ch\/fr\/wp-json\/wp\/v2\/posts"}],"about":[{"href":"https:\/\/www.msd-online.ch\/fr\/wp-json\/wp\/v2\/types\/post"}],"author":[{"embeddable":true,"href":"https:\/\/www.msd-online.ch\/fr\/wp-json\/wp\/v2\/users\/1"}],"replies":[{"embeddable":true,"href":"https:\/\/www.msd-online.ch\/fr\/wp-json\/wp\/v2\/comments?post=278833"}],"version-history":[{"count":0,"href":"https:\/\/www.msd-online.ch\/fr\/wp-json\/wp\/v2\/posts\/278833\/revisions"}],"wp:featuredmedia":[{"embeddable":true,"href":"https:\/\/www.msd-online.ch\/fr\/wp-json\/wp\/v2\/media\/278810"}],"wp:attachment":[{"href":"https:\/\/www.msd-online.ch\/fr\/wp-json\/wp\/v2\/media?parent=278833"}],"wp:term":[{"taxonomy":"category","embeddable":true,"href":"https:\/\/www.msd-online.ch\/fr\/wp-json\/wp\/v2\/categories?post=278833"},{"taxonomy":"post_tag","embeddable":true,"href":"https:\/\/www.msd-online.ch\/fr\/wp-json\/wp\/v2\/tags?post=278833"}],"curies":[{"name":"wp","href":"https:\/\/api.w.org\/{rel}","templated":true}]}}