{"id":280559,"date":"2025-02-17T10:13:10","date_gmt":"2025-02-17T09:13:10","guid":{"rendered":"https:\/\/www.msd-online.ch\/?p=280559"},"modified":"2025-02-18T11:25:32","modified_gmt":"2025-02-18T10:25:32","slug":"changement-de-role-pour-les-change-camps","status":"publish","type":"post","link":"https:\/\/www.msd-online.ch\/fr\/changement-de-role-pour-les-change-camps\/","title":{"rendered":"Changement de r\u00f4le pour les change camps"},"content":{"rendered":"\n<p><strong>Silvio Zanella<\/strong><br>C\u2019est au printemps 2015, que j\u2019ai repris la direction des change-camps. Depuis, ce travail a \u00e9volu\u00e9 et s\u2019est fortement d\u00e9velopp\u00e9. Au cours des dix ann\u00e9es \u00e9coul\u00e9es, nous avons vu m\u00fbrir beaucoup de fruits dans diff\u00e9rents camps. Toute la gloire en revient \u00e0 Dieu !<br>J\u2019ai maintenant le privil\u00e8ge de remettre la direction des change-camps dans de nouvelles mains. Je suis ravi et reconnaissant \u00e0 Dieu d\u2019avoir dirig\u00e9 Mascha vers notre \u0153uvre missionnaire. C\u2019est elle qui va d\u00e9sormais assumer cette t\u00e2che. Mascha \u00e9tudie la th\u00e9ologie \u00e0 l\u2019ISTL de Thoune et travaille d\u00e9j\u00e0 \u00e0 temps partiel pour nous depuis l\u2019automne 2023. Elle aime J\u00e9sus de tout son c\u0153ur, a un grand d\u00e9sir de faire conna\u00eetre Dieu autour d\u2019elle et est incroyablement dou\u00e9e pour promouvoir une communion profonde. C\u2019est pourquoi je me r\u00e9jouis de la voir investir ses dons dans ce travail important.<br>Pour ce qui me concerne, je d\u00e9sire me perfectionner dans mon r\u00f4le \u00e0 la direction de l\u2019\u0153uvre missionnaire msd aux c\u00f4t\u00e9s de Markus Staub. Pour l\u2019instant, je n\u2019abandonnerai donc pas totalement le projet des change-camps, mais je vais le soutenir en arri\u00e8re-plan.<\/p>\n\n\n\n<p><strong>Mascha Surbeck<\/strong><br>Je me r\u00e9jouis beaucoup de reprendre cette t\u00e2che et je suis enthousiaste \u00e0 l\u2019id\u00e9e que ce projet soit port\u00e9 par une vision claire \u2013 les contacts humains et la mission. C\u2019est touchant de voir Dieu agir dans des vies et les transformer. Je suis convaincue que m\u00eame de petits pas de foi peuvent avoir un grand impact sur les individus, les r\u00e9gions et les pays. Je suis profond\u00e9ment inspir\u00e9e par la puissance de Dieu et par la volont\u00e9 des personnes concern\u00e9es de se laisser transformer.<\/p>\n\n\n\n<p>Je me r\u00e9jouis donc d\u2019investir ma passion pour l\u2019\u00e9vang\u00e9lisation et le discipulat dans les change- camps et de voir comment Dieu accorde la croissance et op\u00e8re des changements. Je suis particuli\u00e8rement enthousiaste \u00e0 l\u2019id\u00e9e de d\u00e9velopper avec les responsables des visions pour les diff\u00e9rents camps, et de voir des personnes s\u2019\u00e9panouir dans leurs t\u00e2ches et s\u2019affermir dans leur vocation.<\/p>\n\n\n\n<p>Nous sommes grandement reconnaissants de pouvoir sans cesser compter sur votre soutien par la pri\u00e8re.<\/p>\n\n\n\n<p><strong>Courte vid\u00e9o <br><\/strong>Silvio et Mascha parlent de leur changement de r\u00f4le.<br><em>Vid\u00e9o uniquement en allemand<\/em><\/p>\n\n\n\n<figure class=\"wp-block-embed is-type-video is-provider-youtube wp-block-embed-youtube wp-embed-aspect-16-9 wp-has-aspect-ratio\"><div class=\"wp-block-embed__wrapper\">\n<iframe loading=\"lazy\" title=\"Rollenwechsel in der Change Camps Arbeit\" width=\"1080\" height=\"608\" src=\"https:\/\/www.youtube.com\/embed\/ovd_aVgiagU?feature=oembed\"  allow=\"accelerometer; autoplay; clipboard-write; encrypted-media; gyroscope; picture-in-picture; web-share\" referrerpolicy=\"strict-origin-when-cross-origin\" allowfullscreen><\/iframe>\n<\/div><\/figure>\n","protected":false},"excerpt":{"rendered":"<p>Silvio ZanellaC\u2019est au printemps 2015, que j\u2019ai repris la direction des change-camps. Depuis, ce travail a \u00e9volu\u00e9 et s\u2019est fortement d\u00e9velopp\u00e9. Au cours des dix ann\u00e9es \u00e9coul\u00e9es, nous avons vu m\u00fbrir beaucoup de fruits dans diff\u00e9rents camps. Toute la gloire en revient \u00e0 Dieu !J\u2019ai maintenant le privil\u00e8ge de remettre la direction des change-camps dans [&hellip;]<\/p>\n","protected":false},"author":1,"featured_media":280562,"comment_status":"open","ping_status":"open","sticky":false,"template":"","format":"standard","meta":{"_et_pb_use_builder":"off","_et_pb_old_content":"","_et_gb_content_width":"","footnotes":""},"categories":[133,131,122],"tags":[],"class_list":["post-280559","post","type-post","status-publish","format-standard","has-post-thumbnail","hentry","category-blog-fr","category-evenements-fr","category-info-fr"],"_links":{"self":[{"href":"https:\/\/www.msd-online.ch\/fr\/wp-json\/wp\/v2\/posts\/280559","targetHints":{"allow":["GET"]}}],"collection":[{"href":"https:\/\/www.msd-online.ch\/fr\/wp-json\/wp\/v2\/posts"}],"about":[{"href":"https:\/\/www.msd-online.ch\/fr\/wp-json\/wp\/v2\/types\/post"}],"author":[{"embeddable":true,"href":"https:\/\/www.msd-online.ch\/fr\/wp-json\/wp\/v2\/users\/1"}],"replies":[{"embeddable":true,"href":"https:\/\/www.msd-online.ch\/fr\/wp-json\/wp\/v2\/comments?post=280559"}],"version-history":[{"count":0,"href":"https:\/\/www.msd-online.ch\/fr\/wp-json\/wp\/v2\/posts\/280559\/revisions"}],"wp:featuredmedia":[{"embeddable":true,"href":"https:\/\/www.msd-online.ch\/fr\/wp-json\/wp\/v2\/media\/280562"}],"wp:attachment":[{"href":"https:\/\/www.msd-online.ch\/fr\/wp-json\/wp\/v2\/media?parent=280559"}],"wp:term":[{"taxonomy":"category","embeddable":true,"href":"https:\/\/www.msd-online.ch\/fr\/wp-json\/wp\/v2\/categories?post=280559"},{"taxonomy":"post_tag","embeddable":true,"href":"https:\/\/www.msd-online.ch\/fr\/wp-json\/wp\/v2\/tags?post=280559"}],"curies":[{"name":"wp","href":"https:\/\/api.w.org\/{rel}","templated":true}]}}